{"id":3562,"date":"2022-09-28T10:37:40","date_gmt":"2022-09-28T10:37:40","guid":{"rendered":"https:\/\/www.pallamanopaese.it\/?p=3562"},"modified":"2022-09-28T10:42:11","modified_gmt":"2022-09-28T10:42:11","slug":"3562","status":"publish","type":"post","link":"https:\/\/www.pallamanopaese.it\/?p=3562","title":{"rendered":"AL VIA LA STAGIONE 2022-23!"},"content":{"rendered":"\n[et_pb_section fb_built=&#8221;1&#8243; _builder_version=&#8221;4.6.0&#8243; _module_preset=&#8221;default&#8221; custom_padding=&#8221;0px|||||&#8221; global_colors_info=&#8221;{}&#8221; theme_builder_area=&#8221;post_content&#8221;][et_pb_row _builder_version=&#8221;4.6.0&#8243; _module_preset=&#8221;default&#8221; global_colors_info=&#8221;{}&#8221; theme_builder_area=&#8221;post_content&#8221;][et_pb_column type=&#8221;4_4&#8243; _builder_version=&#8221;4.6.0&#8243; _module_preset=&#8221;default&#8221; global_colors_info=&#8221;{}&#8221; theme_builder_area=&#8221;post_content&#8221;][et_pb_image src=&#8221;https:\/\/www.pallamanopaese.it\/wp-content\/uploads\/2022\/09\/image_50739713-scaled.jpg&#8221; title_text=&#8221;image_50739713&#8243; _builder_version=&#8221;4.13.1&#8243; _module_preset=&#8221;default&#8221; hover_enabled=&#8221;0&#8243; global_colors_info=&#8221;{}&#8221; theme_builder_area=&#8221;post_content&#8221; sticky_enabled=&#8221;0&#8243;][\/et_pb_image][\/et_pb_column][\/et_pb_row][et_pb_row _builder_version=&#8221;4.6.0&#8243; _module_preset=&#8221;default&#8221; custom_padding=&#8221;13px|||||&#8221; global_colors_info=&#8221;{}&#8221; theme_builder_area=&#8221;post_content&#8221;][et_pb_column type=&#8221;4_4&#8243; _builder_version=&#8221;4.6.0&#8243; _module_preset=&#8221;default&#8221; global_colors_info=&#8221;{}&#8221; theme_builder_area=&#8221;post_content&#8221;][et_pb_text _builder_version=&#8221;4.6.0&#8243; _module_preset=&#8221;default&#8221; custom_padding=&#8221;||3px|||&#8221; global_colors_info=&#8221;{}&#8221; theme_builder_area=&#8221;post_content&#8221;]<div dir=\"auto\">\n<div dir=\"auto\">Dopo l\u2019enorme successo in termini di iscrizioni \u00a0riscosso dal nostro camp estivo , \u00e8 ripartito il movimento pallamanistico per il sodalizio trevigiano che vedr\u00e0 i nostri ragazzi impegnati in tutte le categorie maschili. Gli allenamenti sono gi\u00e0 ripresi ai primi di settembre e ,oltre ai gruppi gi\u00e0 consolidati di Under 15 e 17, si \u00e8 registrato un notevole incremento di adesioni per quanto riguarda le categorie inferiori , ovvero gli Under che vanno dalle 9 alla 13 e questo \u00e8 un dato molto importante per qualsiasi societ\u00e0 che punta a far crescere i propri ragazzi e ovviamente Paese ne \u00e8 orgogliosa, pur sapendo che le difficolt\u00e0 di gestione di questi gruppi numerosi in spazi limitati non \u00e8 sempre facile, ma \u00e8 anche vero che lavorando sulla quantit\u00e0 sicuramente emergeranno pi\u00f9 elementi di qualit\u00e0. Le squadre che prenderanno il via ai campionati regionali sono le seguenti:<\/div>\n<div dir=\"auto\"><\/div>\n<div dir=\"auto\"><\/div>\n<div dir=\"auto\">&#8211; Serie B con tecnico Paolo Vendramin<\/div>\n<div dir=\"auto\">&#8211; Under 17 seguita da Alessandro Vendramin<\/div>\n<div dir=\"auto\">&#8211; Under 15 allenata da Paolo Ballarotto\u00a0<\/div>\n<div dir=\"auto\">&#8211; Under 11\/13 seguita da Paolo Vendramin e Paolo Ballarotto con l\u2019aiuto di Alberto Pizzolato<\/div>\n<div dir=\"auto\">&#8211; Under 9 coach sar\u00e0 Paolo Vendramin con assistenza di Alberto Pizzolato<\/div>\n<div dir=\"auto\">Da segnalare un mini ritiro per Under 15 e 17 che dal 30 settembre al 2 ottobre saranno ospiti in un campeggio montano nel Tesino dove sicuramente passeranno 2 giorni di vacanza utile a cementare lo spirito di squadra, cosa in cui la nostra societ\u00e0 crede molto.<\/div>\n<div dir=\"auto\">Come sempre vi invitiamo a seguirci nei nostri canali social e \u2026.sempre forza Paese!!<\/div>\n<\/div>\n<p><span><\/span><\/p>[\/et_pb_text][\/et_pb_column][\/et_pb_row][\/et_pb_section]\n","protected":false},"excerpt":{"rendered":"<p>Dopo l\u2019enorme successo in termini di iscrizioni \u00a0riscosso dal nostro camp estivo , \u00e8 ripartito il movimento pallamanistico per il sodalizio trevigiano che vedr\u00e0 i nostri ragazzi impegnati in tutte le categorie maschili. Gli allenamenti sono gi\u00e0 ripresi ai primi di settembre e ,oltre ai gruppi gi\u00e0 consolidati di Under 15 e 17, si \u00e8 [&hellip;]<\/p>\n","protected":false},"author":1,"featured_media":3564,"comment_status":"closed","ping_status":"closed","sticky":false,"template":"","format":"standard","meta":{"_et_pb_use_builder":"on","_et_pb_old_content":"","_et_gb_content_width":"1382","_jetpack_newsletter_access":"","_jetpack_dont_email_post_to_subs":false,"_jetpack_newsletter_tier_id":0,"_jetpack_memberships_contains_paywalled_content":false,"_jetpack_feature_clip_id":0,"_jetpack_memberships_contains_paid_content":false,"footnotes":"","jetpack_publicize_message":"","jetpack_publicize_feature_enabled":true,"jetpack_social_post_already_shared":true,"jetpack_social_options":{"image_generator_settings":{"template":"highway","default_image_id":0,"font":"","enabled":false},"version":2},"jetpack_post_was_ever_published":false},"categories":[21,1],"tags":[],"class_list":["post-3562","post","type-post","status-publish","format-standard","has-post-thumbnail","hentry","category-notizie","category-societa"],"jetpack_publicize_connections":[],"jetpack_sharing_enabled":true,"jetpack_likes_enabled":true,"jetpack_featured_media_url":"https:\/\/i0.wp.com\/www.pallamanopaese.it\/wp-content\/uploads\/2022\/09\/image_50739713-scaled.jpg?fit=2560%2C1490&ssl=1","_links":{"self":[{"href":"https:\/\/www.pallamanopaese.it\/index.php?rest_route=\/wp\/v2\/posts\/3562","targetHints":{"allow":["GET"]}}],"collection":[{"href":"https:\/\/www.pallamanopaese.it\/index.php?rest_route=\/wp\/v2\/posts"}],"about":[{"href":"https:\/\/www.pallamanopaese.it\/index.php?rest_route=\/wp\/v2\/types\/post"}],"author":[{"embeddable":true,"href":"https:\/\/www.pallamanopaese.it\/index.php?rest_route=\/wp\/v2\/users\/1"}],"replies":[{"embeddable":true,"href":"https:\/\/www.pallamanopaese.it\/index.php?rest_route=%2Fwp%2Fv2%2Fcomments&post=3562"}],"version-history":[{"count":4,"href":"https:\/\/www.pallamanopaese.it\/index.php?rest_route=\/wp\/v2\/posts\/3562\/revisions"}],"predecessor-version":[{"id":3569,"href":"https:\/\/www.pallamanopaese.it\/index.php?rest_route=\/wp\/v2\/posts\/3562\/revisions\/3569"}],"wp:featuredmedia":[{"embeddable":true,"href":"https:\/\/www.pallamanopaese.it\/index.php?rest_route=\/wp\/v2\/media\/3564"}],"wp:attachment":[{"href":"https:\/\/www.pallamanopaese.it\/index.php?rest_route=%2Fwp%2Fv2%2Fmedia&parent=3562"}],"wp:term":[{"taxonomy":"category","embeddable":true,"href":"https:\/\/www.pallamanopaese.it\/index.php?rest_route=%2Fwp%2Fv2%2Fcategories&post=3562"},{"taxonomy":"post_tag","embeddable":true,"href":"https:\/\/www.pallamanopaese.it\/index.php?rest_route=%2Fwp%2Fv2%2Ftags&post=3562"}],"curies":[{"name":"wp","href":"https:\/\/api.w.org\/{rel}","templated":true}]}}